{"id":1262,"date":"2024-12-07T08:26:55","date_gmt":"2024-12-07T08:26:55","guid":{"rendered":"https:\/\/www.artspacetours.com\/?p=1262"},"modified":"2025-01-15T13:41:11","modified_gmt":"2025-01-15T13:41:11","slug":"why-is-joan-miro-so-famous","status":"publish","type":"post","link":"https:\/\/www.artspacetours.com\/es\/why-is-joan-miro-so-famous\/","title":{"rendered":"Why is Joan Mir\u00f3 so famous?"},"content":{"rendered":"<div data-elementor-type=\"wp-post\" data-elementor-id=\"1262\" class=\"elementor elementor-1262\" data-elementor-post-type=\"post\">\n\t\t\t\t<div class=\"elementor-element elementor-element-76f4def e-flex e-con-boxed e-con e-parent\" data-id=\"76f4def\" data-element_type=\"container\" data-e-type=\"container\">\n\t\t\t\t\t<div class=\"e-con-inner\">\n\t\t\t\t<div class=\"elementor-element elementor-element-21bf5a3d elementor-widget elementor-widget-text-editor\" data-id=\"21bf5a3d\" data-element_type=\"widget\" data-e-type=\"widget\" data-widget_type=\"text-editor.default\">\n\t\t\t\t<div class=\"elementor-widget-container\">\n\t\t\t\t\t\t\t\t\t<figure class=\"wp-block-image size-large\"><img fetchpriority=\"high\" decoding=\"async\" width=\"943\" height=\"1024\" class=\"wp-image-1279\" src=\"https:\/\/www.artspacetours.com\/wp-content\/uploads\/2024\/12\/galeriamayoral-joan-mir-sans-titre-untitled-c.-1970-943x1024.webp\" alt=\"Joan MIr\u00f3 painting - bold black lines cut across a white field with splashes of the primary colours yellow, green, blue and red applied in a minimal fashion \" srcset=\"https:\/\/www.artspacetours.com\/wp-content\/uploads\/2024\/12\/galeriamayoral-joan-mir-sans-titre-untitled-c.-1970-943x1024.webp 943w, https:\/\/www.artspacetours.com\/wp-content\/uploads\/2024\/12\/galeriamayoral-joan-mir-sans-titre-untitled-c.-1970-276x300.webp 276w, https:\/\/www.artspacetours.com\/wp-content\/uploads\/2024\/12\/galeriamayoral-joan-mir-sans-titre-untitled-c.-1970-768x834.webp 768w, https:\/\/www.artspacetours.com\/wp-content\/uploads\/2024\/12\/galeriamayoral-joan-mir-sans-titre-untitled-c.-1970-11x12.webp 11w, https:\/\/www.artspacetours.com\/wp-content\/uploads\/2024\/12\/galeriamayoral-joan-mir-sans-titre-untitled-c.-1970.webp 1200w\" sizes=\"(max-width: 943px) 100vw, 943px\" \/><\/figure>\n<p><!-- \/wp:image --><!-- wp:spacer {\"height\":\"55px\"} --><\/p>\n<div class=\"wp-block-spacer\" style=\"height: 55px;\" aria-hidden=\"true\">\u00a0<\/div>\n<p><!-- \/wp:spacer --><!-- wp:heading {\"level\":1} --><\/p>\n<h1 class=\"wp-block-heading\">Why is Joan Mir\u00f3 so famous?<\/h1>\n<p><!-- \/wp:heading --><!-- wp:paragraph --><\/p>\n<p>If you\u2019re a traveler seeking to immerse yourself in Spain\u2019s rich artistic heritage, Joan Mir\u00f3 is an essential name on your list. But why is Joan Mir\u00f3 so famous? In this post we are going to cover:<\/p>\n<p><!-- \/wp:paragraph --><!-- wp:list {\"ordered\":true} --><\/p>\n<ol class=\"wp-block-list\">\n<li style=\"list-style-type: none;\">\n<ol class=\"wp-block-list\"><!-- wp:list-item --><\/ol>\n<\/li>\n<\/ol>\n<ol class=\"wp-block-list\">\n<li style=\"list-style-type: none;\">\n<ol class=\"wp-block-list\">\n<li><strong>Who was Joan Mir\u00f3<\/strong><\/li>\n<\/ol>\n<\/li>\n<\/ol>\n<p><!-- \/wp:list-item --><!-- wp:list-item --><\/p>\n<ol class=\"wp-block-list\">\n<li style=\"list-style-type: none;\">\n<ol class=\"wp-block-list\">\n<li><strong>5 Fun Facts about Joan Mir\u00f3<\/strong><\/li>\n<\/ol>\n<\/li>\n<\/ol>\n<p><!-- \/wp:list-item --><!-- wp:list-item --><\/p>\n<ol class=\"wp-block-list\">\n<li style=\"list-style-type: none;\">\n<ol class=\"wp-block-list\">\n<li><strong>3 Must-See Masterpieces by Mir\u00f3<\/strong><\/li>\n<\/ol>\n<\/li>\n<\/ol>\n<p><!-- \/wp:list-item --><!-- wp:list-item --><\/p>\n<ol class=\"wp-block-list\">\n<li style=\"list-style-type: none;\">\n<ol class=\"wp-block-list\">\n<li><strong>3 Public Artworks in Barcelona by Mir\u00f3<\/strong><\/li>\n<\/ol>\n<\/li>\n<\/ol>\n<p><!-- \/wp:list-item --><!-- wp:list-item --><\/p>\n<ol class=\"wp-block-list\">\n<li style=\"list-style-type: none;\">\n<ol class=\"wp-block-list\">\n<li><strong>The Joan Mir\u00f3 Foundation<\/strong><\/li>\n<\/ol>\n<\/li>\n<\/ol>\n<p><!-- \/wp:list-item --><!-- wp:list-item --><\/p>\n<ol class=\"wp-block-list\">\n<li style=\"list-style-type: none;\">\n<ol class=\"wp-block-list\">\n<li><strong>A final brushstroke<\/strong><\/li>\n<\/ol>\n<\/li>\n<\/ol>\n<p><!-- \/wp:list-item --><\/p>\n<p><!-- \/wp:list --><!-- wp:spacer {\"height\":\"55px\"} --><\/p>\n<div class=\"wp-block-spacer\" style=\"height: 55px;\" aria-hidden=\"true\">\u00a0<\/div>\n<p><!-- \/wp:spacer --><!-- wp:heading {\"level\":3} --><\/p>\n<h3 class=\"wp-block-heading\">The works must be conceived with the <em>Fire in the Soul<\/em> but executed with clinical coolness. &#8211; Joan Mir\u00f3<\/h3>\n<p><!-- \/wp:heading --><!-- wp:spacer {\"height\":\"55px\"} --><\/p>\n<div class=\"wp-block-spacer\" style=\"height: 55px;\" aria-hidden=\"true\">\u00a0<\/div>\n<p><!-- \/wp:spacer --><!-- wp:heading --><\/p>\n<h2 class=\"wp-block-heading\">Who was Joan Mir\u00f3?<\/h2>\n<p><!-- \/wp:heading --><!-- wp:paragraph --><\/p>\n<p>Perhaps you hadn&#8217;t heard of Miro before <a href=\"https:\/\/www.artspacetours.com\/es\/art-tours-in-barcelona\/\">planning your trip to Barcelona<\/a>, you might be wondering- who is Joan Mir\u00f3? To begin with, Mir\u00f3 was born in Barcelona in 1893, and people celebrate him as one of the most influential artists of the 20th century, renowned for his unique blend of surrealism and abstraction. Indeed, his works capture the essence of Spain\u2019s cultural landscape, offering a fresh perspective on art that\u2019s both playful and profound.<\/p>\n<p><!-- \/wp:paragraph --><!-- wp:paragraph --><\/p>\n<p>Mir\u00f3\u2019s creative genius lies in his ability to break free from conventional art forms, crafting a visual language that speaks directly to the subconscious. In other words, his art is a journey through dreams and symbols, filled with vibrant colors and whimsical shapes.<\/p>\n<p><!-- \/wp:paragraph --><!-- wp:spacer {\"height\":\"55px\"} --><\/p>\n<div class=\"wp-block-spacer\" style=\"height: 55px;\" aria-hidden=\"true\">\u00a0<\/div>\n<p><!-- \/wp:spacer --><!-- wp:heading {\"level\":3} --><\/p>\n<h3 class=\"wp-block-heading\"><em><strong>Mir\u00f3 is celebrated as one of the most influential artists of the 20th century, renowned for his unique blend of surrealism and abstraction<\/strong><\/em>.<\/h3>\n<p><!-- \/wp:heading --><!-- wp:spacer {\"height\":\"55px\"} --><\/p>\n<div class=\"wp-block-spacer\" style=\"height: 55px;\" aria-hidden=\"true\">\u00a0<\/div>\n<p><!-- \/wp:spacer --><!-- wp:heading --><\/p>\n<h2 class=\"wp-block-heading\">Fun facts about Joan Mir\u00f3<\/h2>\n<p><!-- \/wp:heading --><!-- wp:image {\"id\":1271,\"sizeSlug\":\"full\",\"linkDestination\":\"none\"} --><\/p>\n<figure class=\"wp-block-image size-full\"><img decoding=\"async\" width=\"335\" height=\"395\" class=\"wp-image-1271\" src=\"https:\/\/www.artspacetours.com\/wp-content\/uploads\/2024\/12\/Picasso-and-Miro.gif\" alt=\"Black and white photo of Joan MIr\u00f3 talking with Pablo Picasso \" \/>\n<p>\u00a0<\/p>\n<figcaption class=\"wp-element-caption\">Joan Mir\u00f3 and Pablo Picasso &#8211; 1969<\/figcaption>\n<\/figure>\n<p><!-- \/wp:image --><!-- wp:spacer {\"height\":\"55px\"} --><\/p>\n<div class=\"wp-block-spacer\" style=\"height: 55px;\" aria-hidden=\"true\">\u00a0<\/div>\n<p><!-- \/wp:spacer --><!-- wp:list {\"ordered\":true} --><\/p>\n<ol class=\"wp-block-list\">\n<li style=\"list-style-type: none;\">\n<ol class=\"wp-block-list\"><!-- wp:list-item --><\/ol>\n<\/li>\n<\/ol>\n<ol class=\"wp-block-list\">\n<li style=\"list-style-type: none;\">\n<ol class=\"wp-block-list\">\n<li><strong>Joan Mir\u00f3 was good friends with the famous American Author, Ernest Hemingway.<\/strong> They would practise boxing together in Paris.<\/li>\n<\/ol>\n<\/li>\n<\/ol>\n<p><!-- \/wp:list-item --><!-- wp:list-item --><\/p>\n<ol class=\"wp-block-list\">\n<li style=\"list-style-type: none;\">\n<ol class=\"wp-block-list\">\n<li><strong>He was also friends with Pablo Picasso<\/strong>, yet critical of him. After a visit to Picasso&#8217;s studio he remarked to a friend: <em>&#8221;Picasso is very fine, very sensitive, a great painter. The visit to his studio made my spirit sink. Everything is done for his dealer, for the money. A visit to Picasso is like visiting a ballerina with a number of lovers\u2026&#8221;<\/em><\/li>\n<\/ol>\n<\/li>\n<\/ol>\n<p><!-- \/wp:list-item --><!-- wp:list-item --><\/p>\n<ol class=\"wp-block-list\">\n<li style=\"list-style-type: none;\">\n<ol class=\"wp-block-list\">\n<li><strong>His first job was as an accounting clerk<\/strong>, but after suffering a nervous breakdown from the toxic office environment he decided to pursue his artistic career instead.<\/li>\n<\/ol>\n<\/li>\n<\/ol>\n<p><!-- \/wp:list-item --><!-- wp:list-item --><\/p>\n<ol class=\"wp-block-list\">\n<li style=\"list-style-type: none;\">\n<ol class=\"wp-block-list\">\n<li><strong>Mir\u00f3\u2019s first exhibition resoundingly failed.<\/strong> Both the public and the critics responded badly and he didn&#8217;t sell a single artwork.<\/li>\n<\/ol>\n<\/li>\n<\/ol>\n<p><!-- \/wp:list-item --><!-- wp:list-item --><\/p>\n<ol class=\"wp-block-list\">\n<li style=\"list-style-type: none;\">\n<ol class=\"wp-block-list\">\n<li><strong>The personality of Mir\u00f3 stood in stark contrast to his playful artistic style.<\/strong> Modest, introverted and hardworking, Mir\u00f3 evoked nothing of the bohemian artist in his outward presentation. Habitually clad in dark business suits, he was known to be taciturn and disciplined, with his friend and biographer Jacques Dupin remarking on his ability to conduct a life \u201cutterly free of disorder or excess.\u201d<\/li>\n<\/ol>\n<\/li>\n<\/ol>\n<p><!-- \/wp:list-item --><\/p>\n<p><!-- \/wp:list --><!-- wp:spacer {\"height\":\"55px\"} --><\/p>\n<div class=\"wp-block-spacer\" style=\"height: 55px;\" aria-hidden=\"true\">\u00a0<\/div>\n<p><!-- \/wp:spacer --><!-- wp:heading --><\/p>\n<h2 class=\"wp-block-heading\">Three Must-See Masterpieces of Joan Mir\u00f3:<\/h2>\n<p><!-- \/wp:heading --><!-- wp:image {\"id\":1263,\"sizeSlug\":\"full\",\"linkDestination\":\"none\"} --><\/p>\n<figure class=\"wp-block-image size-full\"><img decoding=\"async\" width=\"999\" height=\"886\" class=\"wp-image-1263\" src=\"https:\/\/www.artspacetours.com\/wp-content\/uploads\/2024\/12\/The-Farm-La-masia-MIRO-Joan-1921-22.jpg\" alt=\"Joan Mir\u00f3's masterpiece - the Farm. An artowkr depicting the rugged countryside of Tarragona in Southern Spain.\" srcset=\"https:\/\/www.artspacetours.com\/wp-content\/uploads\/2024\/12\/The-Farm-La-masia-MIRO-Joan-1921-22.jpg 999w, https:\/\/www.artspacetours.com\/wp-content\/uploads\/2024\/12\/The-Farm-La-masia-MIRO-Joan-1921-22-300x266.jpg 300w, https:\/\/www.artspacetours.com\/wp-content\/uploads\/2024\/12\/The-Farm-La-masia-MIRO-Joan-1921-22-768x681.jpg 768w, https:\/\/www.artspacetours.com\/wp-content\/uploads\/2024\/12\/The-Farm-La-masia-MIRO-Joan-1921-22-14x12.jpg 14w\" sizes=\"(max-width: 999px) 100vw, 999px\" \/><\/figure>\n<p><!-- \/wp:image --><!-- wp:spacer {\"height\":\"55px\"} --><\/p>\n<div class=\"wp-block-spacer\" style=\"height: 55px;\" aria-hidden=\"true\">\u00a0<\/div>\n<p><!-- \/wp:spacer --><!-- wp:paragraph --><\/p>\n<p><strong>&#8220;The Farm&#8221; (1921-1922)<\/strong><br \/><strong>Location:<a href=\"https:\/\/www.nga.gov\/collection\/art-object-page.69660.html\"> National Gallery of Art, Washington, D.C.<\/a><\/strong><\/p>\n<p><!-- \/wp:paragraph --><!-- wp:paragraph --><\/p>\n<p>The Farm is one of Mir\u00f3\u2019s earliest masterpieces. The family farm in the south of his native Catalonia, an area called Mont-Roig del Camp, inspired it<em>.<\/em> After that, he became famed for capturing the essence and feeling of rural farm life in that land.<\/p>\n<p><!-- \/wp:paragraph --><!-- wp:paragraph --><\/p>\n<p>Celebrated for its detailed realism, mixed with a tendency to simplify forms into abstract, geometric shapes.<\/p>\n<p><!-- \/wp:paragraph --><!-- wp:paragraph --><\/p>\n<p><strong>Fun fact: <\/strong>Ernest Hemingway, the famed American Author, was a friend of Mir\u00f3 and a huge fan of his art, he bought the painting and said this:<\/p>\n<p><!-- \/wp:paragraph --><!-- wp:quote --><\/p>\n<blockquote class=\"wp-block-quote\">\n<p><!-- wp:heading {\"level\":3} --><\/p>\n<h3 class=\"wp-block-heading\"><strong><em>It has in it all that you feel about Spain when you are there and all that you feel when you are away and cannot go there. No one else has been able to paint these two very opposing things.\u201d<\/em> &#8211; Ernest Hemingway on the Farm<\/strong><\/h3>\n<p><!-- \/wp:heading --><!-- wp:spacer {\"height\":\"55px\"} --><\/p>\n<div class=\"wp-block-spacer\" style=\"height: 55px;\" aria-hidden=\"true\">\u00a0<\/div>\n<p><!-- \/wp:spacer --><!-- wp:image {\"id\":1264,\"sizeSlug\":\"full\",\"linkDestination\":\"none\"} --><\/p>\n<figure class=\"wp-block-image size-full\"><img loading=\"lazy\" decoding=\"async\" width=\"1015\" height=\"716\" class=\"wp-image-1264\" src=\"https:\/\/www.artspacetours.com\/wp-content\/uploads\/2024\/12\/harlequins-carnival.jpg\" alt=\"Harlequin's Carnival. An eclectic and colourful painting with little curious surreal images all having fun with musical notes floating in the air.\" srcset=\"https:\/\/www.artspacetours.com\/wp-content\/uploads\/2024\/12\/harlequins-carnival.jpg 1015w, https:\/\/www.artspacetours.com\/wp-content\/uploads\/2024\/12\/harlequins-carnival-300x212.jpg 300w, https:\/\/www.artspacetours.com\/wp-content\/uploads\/2024\/12\/harlequins-carnival-768x542.jpg 768w, https:\/\/www.artspacetours.com\/wp-content\/uploads\/2024\/12\/harlequins-carnival-18x12.jpg 18w\" sizes=\"(max-width: 1015px) 100vw, 1015px\" \/><\/figure>\n<p><!-- \/wp:image --><\/p>\n<\/blockquote>\n<p><!-- \/wp:quote --><!-- wp:spacer {\"height\":\"55px\"} --><\/p>\n<div class=\"wp-block-spacer\" style=\"height: 55px;\" aria-hidden=\"true\">\u00a0<\/div>\n<p><!-- \/wp:spacer --><!-- wp:paragraph --><\/p>\n<p><strong>&#8221;The Harlequin&#8217;s Carnival&#8221; (1924-1925)<\/strong><\/p>\n<p><!-- \/wp:paragraph --><!-- wp:paragraph --><\/p>\n<p><strong>Location: <a href=\"https:\/\/buffaloakg.org\/\">Buffalo AKG Art Museum, New York<\/a><\/strong><\/p>\n<p><!-- \/wp:paragraph --><!-- wp:paragraph --><\/p>\n<p>Andr\u00e9 Breton, one of the founders of the Surrealism Art movement said that Mir\u00f3 is the <em>&#8221;most surrealist of us all.&#8221;<\/em> Moreover, this painting perfectly encapsulates this. This is surrealism expressed in an abstract way, hence, abstract surrealism.<\/p>\n<p><!-- \/wp:paragraph --><!-- wp:paragraph --><\/p>\n<p>It is made up of an array of zaney shapes and inventions, alongside interesting characters, animals and a fish or two. Harlequin&#8217;s Carnival is a big fiesta, likely based on Mardi Gras, the catholic festival where everyone indulges before the abstinence phase in Lent.<\/p>\n<p><!-- \/wp:paragraph --><!-- wp:spacer {\"height\":\"55px\"} --><\/p>\n<div class=\"wp-block-spacer\" style=\"height: 55px;\" aria-hidden=\"true\">\u00a0<\/div>\n<p><!-- \/wp:spacer --><!-- wp:image {\"id\":1267,\"sizeSlug\":\"full\",\"linkDestination\":\"none\"} --><\/p>\n<figure class=\"wp-block-image size-full\"><img loading=\"lazy\" decoding=\"async\" width=\"900\" height=\"742\" class=\"wp-image-1267\" src=\"https:\/\/www.artspacetours.com\/wp-content\/uploads\/2024\/12\/constellation-the-morning-star.jpg\" alt=\"COnstellation of the morning star. A washed yellow, green background serves as a field of fine pen lines and shapes with red and blue fills crawling about the canvas.\" srcset=\"https:\/\/www.artspacetours.com\/wp-content\/uploads\/2024\/12\/constellation-the-morning-star.jpg 900w, https:\/\/www.artspacetours.com\/wp-content\/uploads\/2024\/12\/constellation-the-morning-star-300x247.jpg 300w, https:\/\/www.artspacetours.com\/wp-content\/uploads\/2024\/12\/constellation-the-morning-star-768x633.jpg 768w, https:\/\/www.artspacetours.com\/wp-content\/uploads\/2024\/12\/constellation-the-morning-star-15x12.jpg 15w\" sizes=\"(max-width: 900px) 100vw, 900px\" \/><\/figure>\n<p><!-- \/wp:image --><!-- wp:spacer {\"height\":\"55px\"} --><\/p>\n<div class=\"wp-block-spacer\" style=\"height: 55px;\" aria-hidden=\"true\">\u00a0<\/div>\n<p><!-- \/wp:spacer --><!-- wp:paragraph --><\/p>\n<p><strong>&#8221;Constellation of the Morning Star&#8221; (1939)<\/strong><\/p>\n<p><!-- \/wp:paragraph --><!-- wp:paragraph --><\/p>\n<p><strong>Location: <a href=\"https:\/\/www.fmirobcn.org\/en\/\">Joan Mir\u00f3 Foundation, Barcelona<\/a><\/strong><\/p>\n<p><!-- \/wp:paragraph --><!-- wp:paragraph --><\/p>\n<p>The Constellations is the name given to a series of paintings by Mir\u00f3 during the time between the end of the Spanish Civil War and the beginning of World War 2. Besides, art enthusiasts celebrate the paintings as one of the most important series of the painter&#8217;s life.<\/p>\n<p><!-- \/wp:paragraph --><!-- wp:paragraph --><\/p>\n<p>In between capturing the sorrow and despair in war, and the soul yearning for the peace and serenity found in nature. The artworks blend chaos and conformity in a child-like manner that is so easy to connect with.<\/p>\n<p><!-- \/wp:paragraph --><!-- wp:spacer {\"height\":\"55px\"} --><\/p>\n<div class=\"wp-block-spacer\" style=\"height: 55px;\" aria-hidden=\"true\">\u00a0<\/div>\n<p><!-- \/wp:spacer --><!-- wp:image {\"id\":1269,\"sizeSlug\":\"full\",\"linkDestination\":\"none\"} --><\/p>\n<figure class=\"wp-block-image size-full\"><img loading=\"lazy\" decoding=\"async\" width=\"925\" height=\"695\" class=\"wp-image-1269\" src=\"https:\/\/www.artspacetours.com\/wp-content\/uploads\/2024\/12\/57ad2f_9b3916c02e0b45a0830114add17c2355mv2.webp\" alt=\"A sunny day on Las Ramblas with travellers walking across the Joan MIr\u00f3 mosaic on the floor and beautiful art nouveau buildings in the background.\" srcset=\"https:\/\/www.artspacetours.com\/wp-content\/uploads\/2024\/12\/57ad2f_9b3916c02e0b45a0830114add17c2355mv2.webp 925w, https:\/\/www.artspacetours.com\/wp-content\/uploads\/2024\/12\/57ad2f_9b3916c02e0b45a0830114add17c2355mv2-300x225.webp 300w, https:\/\/www.artspacetours.com\/wp-content\/uploads\/2024\/12\/57ad2f_9b3916c02e0b45a0830114add17c2355mv2-768x577.webp 768w, https:\/\/www.artspacetours.com\/wp-content\/uploads\/2024\/12\/57ad2f_9b3916c02e0b45a0830114add17c2355mv2-16x12.webp 16w\" sizes=\"(max-width: 925px) 100vw, 925px\" \/>\n<p>\u00a0<\/p>\n<figcaption class=\"wp-element-caption\">Mir\u00f3 mosaic on the floor on Las Ramblas<\/figcaption>\n<\/figure>\n<p><!-- \/wp:image --><!-- wp:heading --><\/p>\n<h2 class=\"wp-block-heading\">Mir\u00f3 Public Artworks in Barcelona<\/h2>\n<p><!-- \/wp:heading --><!-- wp:spacer {\"height\":\"55px\"} --><\/p>\n<div class=\"wp-block-spacer\" style=\"height: 55px;\" aria-hidden=\"true\">\u00a0<\/div>\n<p><!-- \/wp:spacer --><!-- wp:paragraph --><\/p>\n<p><strong>Mir\u00f3 has 3 important public artworks in Barcelona:<\/strong><\/p>\n<p><!-- \/wp:paragraph --><!-- wp:paragraph --><\/p>\n<p><em><strong>Woman and Bird<\/strong><\/em>, is a huge sculpture in the Parc de Joan Mir\u00f3. Then, <em><strong>Woman<\/strong><\/em>, in the central courtyard of the Casa de la Ciutat; the ceramic paving in Pla de l\u2019Os, on the Rambla. And finally, the <strong>large ceramic mural<\/strong> on the front of Terminal 2 at Barcelona airport, produced with J. Llorens i Artigas.<\/p>\n<p><!-- \/wp:paragraph --><!-- wp:spacer {\"height\":\"55px\"} --><\/p>\n<div class=\"wp-block-spacer\" style=\"height: 55px;\" aria-hidden=\"true\">\u00a0<\/div>\n<p><!-- \/wp:spacer --><!-- wp:image {\"id\":1270,\"sizeSlug\":\"large\",\"linkDestination\":\"none\"} --><\/p>\n<figure class=\"wp-block-image size-large\"><img loading=\"lazy\" decoding=\"async\" width=\"1024\" height=\"327\" class=\"wp-image-1270\" src=\"https:\/\/www.artspacetours.com\/wp-content\/uploads\/2024\/12\/slider_colleccio_1461758745_a1060338-1024x327.jpg\" alt=\"A lady contemplates a triptych of artworks by Joan Mir\u00f3 in the Mir\u00f3 museum.\" srcset=\"https:\/\/www.artspacetours.com\/wp-content\/uploads\/2024\/12\/slider_colleccio_1461758745_a1060338-1024x327.jpg 1024w, https:\/\/www.artspacetours.com\/wp-content\/uploads\/2024\/12\/slider_colleccio_1461758745_a1060338-300x96.jpg 300w, https:\/\/www.artspacetours.com\/wp-content\/uploads\/2024\/12\/slider_colleccio_1461758745_a1060338-768x245.jpg 768w, https:\/\/www.artspacetours.com\/wp-content\/uploads\/2024\/12\/slider_colleccio_1461758745_a1060338-18x6.jpg 18w, https:\/\/www.artspacetours.com\/wp-content\/uploads\/2024\/12\/slider_colleccio_1461758745_a1060338.jpg 1060w\" sizes=\"(max-width: 1024px) 100vw, 1024px\" \/>\n<p>\u00a0<\/p>\n<figcaption class=\"wp-element-caption\">The Mir\u00f3 Foundation<\/figcaption>\n<\/figure>\n<p><!-- \/wp:image --><!-- wp:heading --><\/p>\n<h2 class=\"wp-block-heading\"><a href=\"https:\/\/www.fmirobcn.org\/en\/\">The Joan Mir\u00f3 Foundation Barcelona<\/a><\/h2>\n<p><!-- \/wp:heading --><!-- wp:spacer {\"height\":\"55px\"} --><\/p>\n<div class=\"wp-block-spacer\" style=\"height: 55px;\" aria-hidden=\"true\">\u00a0<\/div>\n<p><!-- \/wp:spacer --><!-- wp:paragraph --><\/p>\n<p>Art lovers must visit the <strong>Fundaci\u00f3 Joan Mir\u00f3<\/strong> in Barcelona, which dedicates itself to the life and work of Mir\u00f3. Located on Montju\u00efc Hill, the museum showcases a vast collection of Mir\u00f3&#8217;s paintings, sculptures, drawings, and ceramics. It offers a deep dive into his artistic evolution.<\/p>\n<p><!-- \/wp:paragraph --><!-- wp:paragraph --><\/p>\n<p>Architect <strong>Josep Llu\u00eds Sert<\/strong> designed the museum in a modern style. In addition, this style complements the vibrant spirit of Mir\u00f3\u2019s work, making it a unique cultural destination. The Museum is a fun, accessible art museum that doesn&#8217;t take itself too seriously, in a beautiful location in the city.<\/p>\n<p><!-- \/wp:paragraph --><!-- wp:spacer {\"height\":\"55px\"} --><\/p>\n<div class=\"wp-block-spacer\" style=\"height: 55px;\" aria-hidden=\"true\">\u00a0<\/div>\n<p><!-- \/wp:spacer --><!-- wp:heading --><\/p>\n<h2 class=\"wp-block-heading\">A final brushstroke<\/h2>\n<p><!-- \/wp:heading --><!-- wp:paragraph --><\/p>\n<p>Why is Joan Mir\u00f3 so famous? Mir\u00f3 was revolutionary in his Artistic language. Creating an abstract vocabulary that was ahead of his time. As a result, he gained the admiration of art critics and fellow artists alike and his art has become timeless. Besides, his ability to convey the human experience in a playful manner, serious but childlike. This is what earned him global fame decades after his death.<\/p>\n<p><!-- \/wp:paragraph --><!-- wp:html --><!-- FareHarbor item grid of flow #1048966 --><\/p>\n<p><script src=\"https:\/\/fareharbor.com\/embeds\/script\/items\/artspacetours\/?full-items=yes&amp;fallback=simple&amp;flow=1048966\"><\/script><\/p>\n<p><!-- \/wp:html --><!-- wp:paragraph --><\/p>\n<p><!-- \/wp:paragraph --><\/p>\t\t\t\t\t\t\t\t<\/div>\n\t\t\t\t<\/div>\n\t\t\t\t\t<\/div>\n\t\t\t\t<\/div>\n\t\t\t\t<\/div>","protected":false},"excerpt":{"rendered":"<p>\u00a0 Why is Joan Mir\u00f3 so famous? If you\u2019re a traveler seeking to immerse yourself in Spain\u2019s rich artistic heritage, Joan Mir\u00f3 is an essential name on your list. But why is Joan Mir\u00f3 so famous? In this post we are going to cover: Who was Joan Mir\u00f3 5 Fun Facts about Joan Mir\u00f3 3 [&hellip;]<\/p>","protected":false},"author":3,"featured_media":1269,"comment_status":"closed","ping_status":"open","sticky":false,"template":"","format":"standard","meta":{"footnotes":""},"categories":[15,12],"tags":[8,9],"class_list":["post-1262","post","type-post","status-publish","format-standard","has-post-thumbnail","hentry","category-barcelona","category-celebrated-artists","tag-art","tag-galleries"],"yoast_head":"<!-- This site is optimized with the Yoast SEO plugin v23.9 - https:\/\/yoast.com\/wordpress\/plugins\/seo\/ -->\n<title>Why is Joan Mir\u00f3 so famous? - Artspace Tours<\/title>\n<meta name=\"description\" content=\"Why is Joan Mir\u00f3 so famous? Discover key fun facts, important artworks and understand the surrealist icon from Barcelona.\" \/>\n<meta name=\"robots\" content=\"index, follow, max-snippet:-1, max-image-preview:large, max-video-preview:-1\" \/>\n<link rel=\"canonical\" href=\"https:\/\/www.artspacetours.com\/es\/why-is-joan-miro-so-famous\/\" \/>\n<meta property=\"og:locale\" content=\"es_ES\" \/>\n<meta property=\"og:type\" content=\"article\" \/>\n<meta property=\"og:title\" content=\"Why is Joan Mir\u00f3 so famous? - Artspace Tours\" \/>\n<meta property=\"og:description\" content=\"Why is Joan Mir\u00f3 so famous? Discover key fun facts, important artworks and understand the surrealist icon from Barcelona.\" \/>\n<meta property=\"og:url\" content=\"https:\/\/www.artspacetours.com\/es\/why-is-joan-miro-so-famous\/\" \/>\n<meta property=\"og:site_name\" content=\"Artspace Tours\" \/>\n<meta property=\"article:published_time\" content=\"2024-12-07T08:26:55+00:00\" \/>\n<meta property=\"article:modified_time\" content=\"2025-01-15T13:41:11+00:00\" \/>\n<meta property=\"og:image\" content=\"https:\/\/www.artspacetours.com\/wp-content\/uploads\/2024\/12\/57ad2f_9b3916c02e0b45a0830114add17c2355mv2.webp\" \/>\n\t<meta property=\"og:image:width\" content=\"925\" \/>\n\t<meta property=\"og:image:height\" content=\"695\" \/>\n\t<meta property=\"og:image:type\" content=\"image\/webp\" \/>\n<meta name=\"author\" content=\"Luke Watson\" \/>\n<meta name=\"twitter:card\" content=\"summary_large_image\" \/>\n<meta name=\"twitter:label1\" content=\"Escrito por\" \/>\n\t<meta name=\"twitter:data1\" content=\"Luke Watson\" \/>\n\t<meta name=\"twitter:label2\" content=\"Tiempo de lectura\" \/>\n\t<meta name=\"twitter:data2\" content=\"6 minutos\" \/>\n<script type=\"application\/ld+json\" class=\"yoast-schema-graph\">{\"@context\":\"https:\/\/schema.org\",\"@graph\":[{\"@type\":\"Article\",\"@id\":\"https:\/\/www.artspacetours.com\/why-is-joan-miro-so-famous\/#article\",\"isPartOf\":{\"@id\":\"https:\/\/www.artspacetours.com\/why-is-joan-miro-so-famous\/\"},\"author\":{\"name\":\"Luke Watson\",\"@id\":\"https:\/\/xisezfmg.elementor.cloud\/#\/schema\/person\/79658f910b36a98e80b4edb2ce656045\"},\"headline\":\"Why is Joan Mir\u00f3 so famous?\",\"datePublished\":\"2024-12-07T08:26:55+00:00\",\"dateModified\":\"2025-01-15T13:41:11+00:00\",\"mainEntityOfPage\":{\"@id\":\"https:\/\/www.artspacetours.com\/why-is-joan-miro-so-famous\/\"},\"wordCount\":1048,\"publisher\":{\"@id\":\"https:\/\/xisezfmg.elementor.cloud\/#organization\"},\"image\":{\"@id\":\"https:\/\/www.artspacetours.com\/why-is-joan-miro-so-famous\/#primaryimage\"},\"thumbnailUrl\":\"https:\/\/www.artspacetours.com\/wp-content\/uploads\/2024\/12\/57ad2f_9b3916c02e0b45a0830114add17c2355mv2.webp\",\"keywords\":[\"Art\",\"Galleries\"],\"articleSection\":[\"Barcelona\",\"Celebrated Artists\"],\"inLanguage\":\"es\"},{\"@type\":\"WebPage\",\"@id\":\"https:\/\/www.artspacetours.com\/why-is-joan-miro-so-famous\/\",\"url\":\"https:\/\/www.artspacetours.com\/why-is-joan-miro-so-famous\/\",\"name\":\"Why is Joan Mir\u00f3 so famous? - Artspace Tours\",\"isPartOf\":{\"@id\":\"https:\/\/xisezfmg.elementor.cloud\/#website\"},\"primaryImageOfPage\":{\"@id\":\"https:\/\/www.artspacetours.com\/why-is-joan-miro-so-famous\/#primaryimage\"},\"image\":{\"@id\":\"https:\/\/www.artspacetours.com\/why-is-joan-miro-so-famous\/#primaryimage\"},\"thumbnailUrl\":\"https:\/\/www.artspacetours.com\/wp-content\/uploads\/2024\/12\/57ad2f_9b3916c02e0b45a0830114add17c2355mv2.webp\",\"datePublished\":\"2024-12-07T08:26:55+00:00\",\"dateModified\":\"2025-01-15T13:41:11+00:00\",\"description\":\"Why is Joan Mir\u00f3 so famous? Discover key fun facts, important artworks and understand the surrealist icon from Barcelona.\",\"breadcrumb\":{\"@id\":\"https:\/\/www.artspacetours.com\/why-is-joan-miro-so-famous\/#breadcrumb\"},\"inLanguage\":\"es\",\"potentialAction\":[{\"@type\":\"ReadAction\",\"target\":[\"https:\/\/www.artspacetours.com\/why-is-joan-miro-so-famous\/\"]}]},{\"@type\":\"ImageObject\",\"inLanguage\":\"es\",\"@id\":\"https:\/\/www.artspacetours.com\/why-is-joan-miro-so-famous\/#primaryimage\",\"url\":\"https:\/\/www.artspacetours.com\/wp-content\/uploads\/2024\/12\/57ad2f_9b3916c02e0b45a0830114add17c2355mv2.webp\",\"contentUrl\":\"https:\/\/www.artspacetours.com\/wp-content\/uploads\/2024\/12\/57ad2f_9b3916c02e0b45a0830114add17c2355mv2.webp\",\"width\":925,\"height\":695,\"caption\":\"Mir\u00f3 artwork on the street\"},{\"@type\":\"BreadcrumbList\",\"@id\":\"https:\/\/www.artspacetours.com\/why-is-joan-miro-so-famous\/#breadcrumb\",\"itemListElement\":[{\"@type\":\"ListItem\",\"position\":1,\"name\":\"Home\",\"item\":\"https:\/\/www.artspacetours.com\/\"},{\"@type\":\"ListItem\",\"position\":2,\"name\":\"Why is Joan Mir\u00f3 so famous?\"}]},{\"@type\":\"WebSite\",\"@id\":\"https:\/\/xisezfmg.elementor.cloud\/#website\",\"url\":\"https:\/\/xisezfmg.elementor.cloud\/\",\"name\":\"Artspace Tours\",\"description\":\"Insider Art Tours of Spain. \",\"publisher\":{\"@id\":\"https:\/\/xisezfmg.elementor.cloud\/#organization\"},\"potentialAction\":[{\"@type\":\"SearchAction\",\"target\":{\"@type\":\"EntryPoint\",\"urlTemplate\":\"https:\/\/xisezfmg.elementor.cloud\/?s={search_term_string}\"},\"query-input\":{\"@type\":\"PropertyValueSpecification\",\"valueRequired\":true,\"valueName\":\"search_term_string\"}}],\"inLanguage\":\"es\"},{\"@type\":\"Organization\",\"@id\":\"https:\/\/xisezfmg.elementor.cloud\/#organization\",\"name\":\"Artspace Tours\",\"url\":\"https:\/\/xisezfmg.elementor.cloud\/\",\"logo\":{\"@type\":\"ImageObject\",\"inLanguage\":\"es\",\"@id\":\"https:\/\/xisezfmg.elementor.cloud\/#\/schema\/logo\/image\/\",\"url\":\"https:\/\/www.artspacetours.com\/wp-content\/uploads\/2024\/08\/4.webp\",\"contentUrl\":\"https:\/\/www.artspacetours.com\/wp-content\/uploads\/2024\/08\/4.webp\",\"width\":1920,\"height\":1920,\"caption\":\"Artspace Tours\"},\"image\":{\"@id\":\"https:\/\/xisezfmg.elementor.cloud\/#\/schema\/logo\/image\/\"}},{\"@type\":\"Person\",\"@id\":\"https:\/\/xisezfmg.elementor.cloud\/#\/schema\/person\/79658f910b36a98e80b4edb2ce656045\",\"name\":\"Luke Watson\",\"image\":{\"@type\":\"ImageObject\",\"inLanguage\":\"es\",\"@id\":\"https:\/\/xisezfmg.elementor.cloud\/#\/schema\/person\/image\/\",\"url\":\"https:\/\/secure.gravatar.com\/avatar\/35af34b1fa341f057725b0faded6d9f7?s=96&d=mm&r=g\",\"contentUrl\":\"https:\/\/secure.gravatar.com\/avatar\/35af34b1fa341f057725b0faded6d9f7?s=96&d=mm&r=g\",\"caption\":\"Luke Watson\"},\"url\":\"https:\/\/www.artspacetours.com\/es\/author\/luke\/\"}]}<\/script>\n<!-- \/ Yoast SEO plugin. -->","yoast_head_json":{"title":"Why is Joan Mir\u00f3 so famous? - Artspace Tours","description":"Why is Joan Mir\u00f3 so famous? Discover key fun facts, important artworks and understand the surrealist icon from Barcelona.","robots":{"index":"index","follow":"follow","max-snippet":"max-snippet:-1","max-image-preview":"max-image-preview:large","max-video-preview":"max-video-preview:-1"},"canonical":"https:\/\/www.artspacetours.com\/es\/why-is-joan-miro-so-famous\/","og_locale":"es_ES","og_type":"article","og_title":"Why is Joan Mir\u00f3 so famous? - Artspace Tours","og_description":"Why is Joan Mir\u00f3 so famous? Discover key fun facts, important artworks and understand the surrealist icon from Barcelona.","og_url":"https:\/\/www.artspacetours.com\/es\/why-is-joan-miro-so-famous\/","og_site_name":"Artspace Tours","article_published_time":"2024-12-07T08:26:55+00:00","article_modified_time":"2025-01-15T13:41:11+00:00","og_image":[{"width":925,"height":695,"url":"https:\/\/www.artspacetours.com\/wp-content\/uploads\/2024\/12\/57ad2f_9b3916c02e0b45a0830114add17c2355mv2.webp","type":"image\/webp"}],"author":"Luke Watson","twitter_card":"summary_large_image","twitter_misc":{"Escrito por":"Luke Watson","Tiempo de lectura":"6 minutos"},"schema":{"@context":"https:\/\/schema.org","@graph":[{"@type":"Article","@id":"https:\/\/www.artspacetours.com\/why-is-joan-miro-so-famous\/#article","isPartOf":{"@id":"https:\/\/www.artspacetours.com\/why-is-joan-miro-so-famous\/"},"author":{"name":"Luke Watson","@id":"https:\/\/xisezfmg.elementor.cloud\/#\/schema\/person\/79658f910b36a98e80b4edb2ce656045"},"headline":"Why is Joan Mir\u00f3 so famous?","datePublished":"2024-12-07T08:26:55+00:00","dateModified":"2025-01-15T13:41:11+00:00","mainEntityOfPage":{"@id":"https:\/\/www.artspacetours.com\/why-is-joan-miro-so-famous\/"},"wordCount":1048,"publisher":{"@id":"https:\/\/xisezfmg.elementor.cloud\/#organization"},"image":{"@id":"https:\/\/www.artspacetours.com\/why-is-joan-miro-so-famous\/#primaryimage"},"thumbnailUrl":"https:\/\/www.artspacetours.com\/wp-content\/uploads\/2024\/12\/57ad2f_9b3916c02e0b45a0830114add17c2355mv2.webp","keywords":["Art","Galleries"],"articleSection":["Barcelona","Celebrated Artists"],"inLanguage":"es"},{"@type":"WebPage","@id":"https:\/\/www.artspacetours.com\/why-is-joan-miro-so-famous\/","url":"https:\/\/www.artspacetours.com\/why-is-joan-miro-so-famous\/","name":"Why is Joan Mir\u00f3 so famous? - Artspace Tours","isPartOf":{"@id":"https:\/\/xisezfmg.elementor.cloud\/#website"},"primaryImageOfPage":{"@id":"https:\/\/www.artspacetours.com\/why-is-joan-miro-so-famous\/#primaryimage"},"image":{"@id":"https:\/\/www.artspacetours.com\/why-is-joan-miro-so-famous\/#primaryimage"},"thumbnailUrl":"https:\/\/www.artspacetours.com\/wp-content\/uploads\/2024\/12\/57ad2f_9b3916c02e0b45a0830114add17c2355mv2.webp","datePublished":"2024-12-07T08:26:55+00:00","dateModified":"2025-01-15T13:41:11+00:00","description":"Why is Joan Mir\u00f3 so famous? Discover key fun facts, important artworks and understand the surrealist icon from Barcelona.","breadcrumb":{"@id":"https:\/\/www.artspacetours.com\/why-is-joan-miro-so-famous\/#breadcrumb"},"inLanguage":"es","potentialAction":[{"@type":"ReadAction","target":["https:\/\/www.artspacetours.com\/why-is-joan-miro-so-famous\/"]}]},{"@type":"ImageObject","inLanguage":"es","@id":"https:\/\/www.artspacetours.com\/why-is-joan-miro-so-famous\/#primaryimage","url":"https:\/\/www.artspacetours.com\/wp-content\/uploads\/2024\/12\/57ad2f_9b3916c02e0b45a0830114add17c2355mv2.webp","contentUrl":"https:\/\/www.artspacetours.com\/wp-content\/uploads\/2024\/12\/57ad2f_9b3916c02e0b45a0830114add17c2355mv2.webp","width":925,"height":695,"caption":"Mir\u00f3 artwork on the street"},{"@type":"BreadcrumbList","@id":"https:\/\/www.artspacetours.com\/why-is-joan-miro-so-famous\/#breadcrumb","itemListElement":[{"@type":"ListItem","position":1,"name":"Home","item":"https:\/\/www.artspacetours.com\/"},{"@type":"ListItem","position":2,"name":"Why is Joan Mir\u00f3 so famous?"}]},{"@type":"WebSite","@id":"https:\/\/xisezfmg.elementor.cloud\/#website","url":"https:\/\/xisezfmg.elementor.cloud\/","name":"Artspace Tours","description":"Insider Art Tours of Spain. ","publisher":{"@id":"https:\/\/xisezfmg.elementor.cloud\/#organization"},"potentialAction":[{"@type":"SearchAction","target":{"@type":"EntryPoint","urlTemplate":"https:\/\/xisezfmg.elementor.cloud\/?s={search_term_string}"},"query-input":{"@type":"PropertyValueSpecification","valueRequired":true,"valueName":"search_term_string"}}],"inLanguage":"es"},{"@type":"Organization","@id":"https:\/\/xisezfmg.elementor.cloud\/#organization","name":"Artspace Tours","url":"https:\/\/xisezfmg.elementor.cloud\/","logo":{"@type":"ImageObject","inLanguage":"es","@id":"https:\/\/xisezfmg.elementor.cloud\/#\/schema\/logo\/image\/","url":"https:\/\/www.artspacetours.com\/wp-content\/uploads\/2024\/08\/4.webp","contentUrl":"https:\/\/www.artspacetours.com\/wp-content\/uploads\/2024\/08\/4.webp","width":1920,"height":1920,"caption":"Artspace Tours"},"image":{"@id":"https:\/\/xisezfmg.elementor.cloud\/#\/schema\/logo\/image\/"}},{"@type":"Person","@id":"https:\/\/xisezfmg.elementor.cloud\/#\/schema\/person\/79658f910b36a98e80b4edb2ce656045","name":"Luke Watson","image":{"@type":"ImageObject","inLanguage":"es","@id":"https:\/\/xisezfmg.elementor.cloud\/#\/schema\/person\/image\/","url":"https:\/\/secure.gravatar.com\/avatar\/35af34b1fa341f057725b0faded6d9f7?s=96&d=mm&r=g","contentUrl":"https:\/\/secure.gravatar.com\/avatar\/35af34b1fa341f057725b0faded6d9f7?s=96&d=mm&r=g","caption":"Luke Watson"},"url":"https:\/\/www.artspacetours.com\/es\/author\/luke\/"}]}},"_links":{"self":[{"href":"https:\/\/www.artspacetours.com\/es\/wp-json\/wp\/v2\/posts\/1262","targetHints":{"allow":["GET"]}}],"collection":[{"href":"https:\/\/www.artspacetours.com\/es\/wp-json\/wp\/v2\/posts"}],"about":[{"href":"https:\/\/www.artspacetours.com\/es\/wp-json\/wp\/v2\/types\/post"}],"author":[{"embeddable":true,"href":"https:\/\/www.artspacetours.com\/es\/wp-json\/wp\/v2\/users\/3"}],"replies":[{"embeddable":true,"href":"https:\/\/www.artspacetours.com\/es\/wp-json\/wp\/v2\/comments?post=1262"}],"version-history":[{"count":26,"href":"https:\/\/www.artspacetours.com\/es\/wp-json\/wp\/v2\/posts\/1262\/revisions"}],"predecessor-version":[{"id":3740,"href":"https:\/\/www.artspacetours.com\/es\/wp-json\/wp\/v2\/posts\/1262\/revisions\/3740"}],"wp:featuredmedia":[{"embeddable":true,"href":"https:\/\/www.artspacetours.com\/es\/wp-json\/wp\/v2\/media\/1269"}],"wp:attachment":[{"href":"https:\/\/www.artspacetours.com\/es\/wp-json\/wp\/v2\/media?parent=1262"}],"wp:term":[{"taxonomy":"category","embeddable":true,"href":"https:\/\/www.artspacetours.com\/es\/wp-json\/wp\/v2\/categories?post=1262"},{"taxonomy":"post_tag","embeddable":true,"href":"https:\/\/www.artspacetours.com\/es\/wp-json\/wp\/v2\/tags?post=1262"}],"curies":[{"name":"wp","href":"https:\/\/api.w.org\/{rel}","templated":true}]}}